{"id":7362,"date":"2025-03-26T20:16:16","date_gmt":"2025-03-26T19:16:16","guid":{"rendered":"https:\/\/iesnavarrovilloslada.educacion.navarra.es\/web\/?p=7362"},"modified":"2025-03-26T20:16:17","modified_gmt":"2025-03-26T19:16:17","slug":"visita-matematica-eduardo-saenz-de-cabezon","status":"publish","type":"post","link":"https:\/\/iesnavarrovilloslada.educacion.navarra.es\/web\/blog\/2025\/03\/26\/visita-matematica-eduardo-saenz-de-cabezon\/","title":{"rendered":"Visita matem\u00e1tica: Eduardo S\u00e1enz de Cabez\u00f3n"},"content":{"rendered":"\n<p>Enmudecidos por los Grafos, as\u00ed quedaron los alumnos y alumnas de 1\u00ba y 2\u00ba de BTO el pasado viernes 21 de marzo en el sal\u00f3n de actos. \u00bfEl mago? Eduardo S\u00e1enz de Cabez\u00f3n, matem\u00e1tico, profesor de la Universidad de La Rioja, divulgador y presentador del <a href=\"https:\/\/www.rtve.es\/play\/videos\/orbita-laika\/\">programa de RTVE <em>\u00d3rbita Laika<\/em><\/a>. En una actividad organizada por nuestro Departamento de Matem\u00e1ticas el alumnado ha podido disfrutar y sentirse inspirado por las matem\u00e1ticas desde diferentes perspectivas relacionadas con la teor\u00eda de grafos y la vida real. Un privilegio, \u00a1gracias Eduardo!<\/p>\n\n\n\n<div class=\"wp-block-jetpack-tiled-gallery aligncenter is-style-rectangular\"><div class=\"\"><div class=\"tiled-gallery__gallery\"><div class=\"tiled-gallery__row\"><div class=\"tiled-gallery__col\" style=\"flex-basis:63.77334%\"><figure class=\"tiled-gallery__item\"><img decoding=\"async\" data-attachment-id=\"7365\" data-permalink=\"https:\/\/iesnavarrovilloslada.educacion.navarra.es\/web\/blog\/2025\/03\/26\/visita-matematica-eduardo-saenz-de-cabezon\/img_5225\/\" data-orig-file=\"https:\/\/iesnavarrovilloslada.educacion.navarra.es\/web\/wp-content\/uploads\/2025\/03\/IMG_5225-scaled.jpeg\" data-orig-size=\"2560,1920\" data-comments-opened=\"0\" data-image-meta=\"{&quot;aperture&quot;:&quot;0&quot;,&quot;credit&quot;:&quot;&quot;,&quot;camera&quot;:&quot;&quot;,&quot;caption&quot;:&quot;&quot;,&quot;created_timestamp&quot;:&quot;0&quot;,&quot;copyright&quot;:&quot;&quot;,&quot;focal_length&quot;:&quot;0&quot;,&quot;iso&quot;:&quot;0&quot;,&quot;shutter_speed&quot;:&quot;0&quot;,&quot;title&quot;:&quot;&quot;,&quot;orientation&quot;:&quot;1&quot;}\" data-image-title=\"IMG_5225\" data-image-description=\"\" data-image-caption=\"\" data-medium-file=\"https:\/\/iesnavarrovilloslada.educacion.navarra.es\/web\/wp-content\/uploads\/2025\/03\/IMG_5225-300x225.jpeg\" data-large-file=\"https:\/\/iesnavarrovilloslada.educacion.navarra.es\/web\/wp-content\/uploads\/2025\/03\/IMG_5225-1024x768.jpeg\" data-attachment-id=\"7365\" data-permalink=\"https:\/\/iesnavarrovilloslada.educacion.navarra.es\/web\/blog\/2025\/03\/26\/visita-matematica-eduardo-saenz-de-cabezon\/img_5225\/\" data-orig-file=\"https:\/\/iesnavarrovilloslada.educacion.navarra.es\/web\/wp-content\/uploads\/2025\/03\/IMG_5225-scaled.jpeg\" data-orig-size=\"2560,1920\" data-comments-opened=\"0\" data-image-meta=\"{&quot;aperture&quot;:&quot;0&quot;,&quot;credit&quot;:&quot;&quot;,&quot;camera&quot;:&quot;&quot;,&quot;caption&quot;:&quot;&quot;,&quot;created_timestamp&quot;:&quot;0&quot;,&quot;copyright&quot;:&quot;&quot;,&quot;focal_length&quot;:&quot;0&quot;,&quot;iso&quot;:&quot;0&quot;,&quot;shutter_speed&quot;:&quot;0&quot;,&quot;title&quot;:&quot;&quot;,&quot;orientation&quot;:&quot;1&quot;}\" data-image-title=\"IMG_5225\" data-image-description=\"\" data-image-caption=\"\" data-medium-file=\"https:\/\/iesnavarrovilloslada.educacion.navarra.es\/web\/wp-content\/uploads\/2025\/03\/IMG_5225-300x225.jpeg\" data-large-file=\"https:\/\/iesnavarrovilloslada.educacion.navarra.es\/web\/wp-content\/uploads\/2025\/03\/IMG_5225-1024x768.jpeg\" role=\"button\" tabindex=\"0\" aria-label=\"Abrir la imagen 1 de 3 en pantalla completa\"srcset=\"https:\/\/i0.wp.com\/iesnavarrovilloslada.educacion.navarra.es\/web\/wp-content\/uploads\/2025\/03\/IMG_5225-1024x768.jpeg?strip=info&#038;w=600&#038;ssl=1 600w,https:\/\/i0.wp.com\/iesnavarrovilloslada.educacion.navarra.es\/web\/wp-content\/uploads\/2025\/03\/IMG_5225-1024x768.jpeg?strip=info&#038;w=900&#038;ssl=1 900w,https:\/\/i0.wp.com\/iesnavarrovilloslada.educacion.navarra.es\/web\/wp-content\/uploads\/2025\/03\/IMG_5225-1024x768.jpeg?strip=info&#038;w=1200&#038;ssl=1 1200w,https:\/\/i0.wp.com\/iesnavarrovilloslada.educacion.navarra.es\/web\/wp-content\/uploads\/2025\/03\/IMG_5225-1024x768.jpeg?strip=info&#038;w=1500&#038;ssl=1 1500w,https:\/\/i0.wp.com\/iesnavarrovilloslada.educacion.navarra.es\/web\/wp-content\/uploads\/2025\/03\/IMG_5225-1024x768.jpeg?strip=info&#038;w=1800&#038;ssl=1 1800w,https:\/\/i0.wp.com\/iesnavarrovilloslada.educacion.navarra.es\/web\/wp-content\/uploads\/2025\/03\/IMG_5225-1024x768.jpeg?strip=info&#038;w=2000&#038;ssl=1 2000w\" alt=\"\" data-height=\"1920\" data-id=\"7365\" data-link=\"https:\/\/iesnavarrovilloslada.educacion.navarra.es\/web\/?attachment_id=7365\" data-url=\"https:\/\/iesnavarrovilloslada.educacion.navarra.es\/web\/wp-content\/uploads\/2025\/03\/IMG_5225-1024x768.jpeg\" data-width=\"2560\" src=\"https:\/\/i0.wp.com\/iesnavarrovilloslada.educacion.navarra.es\/web\/wp-content\/uploads\/2025\/03\/IMG_5225-1024x768.jpeg?ssl=1\" data-amp-layout=\"responsive\" tabindex=\"0\" role=\"button\" aria-label=\"Abrir la imagen 1 de 3 en pantalla completa\"\/><\/figure><\/div><div class=\"tiled-gallery__col\" style=\"flex-basis:36.22666%\"><figure class=\"tiled-gallery__item\"><img decoding=\"async\" data-attachment-id=\"7364\" data-permalink=\"https:\/\/iesnavarrovilloslada.educacion.navarra.es\/web\/blog\/2025\/03\/26\/visita-matematica-eduardo-saenz-de-cabezon\/img_5236\/\" data-orig-file=\"https:\/\/iesnavarrovilloslada.educacion.navarra.es\/web\/wp-content\/uploads\/2025\/03\/IMG_5236-scaled.jpeg\" data-orig-size=\"2560,1920\" data-comments-opened=\"0\" data-image-meta=\"{&quot;aperture&quot;:&quot;0&quot;,&quot;credit&quot;:&quot;&quot;,&quot;camera&quot;:&quot;&quot;,&quot;caption&quot;:&quot;&quot;,&quot;created_timestamp&quot;:&quot;0&quot;,&quot;copyright&quot;:&quot;&quot;,&quot;focal_length&quot;:&quot;0&quot;,&quot;iso&quot;:&quot;0&quot;,&quot;shutter_speed&quot;:&quot;0&quot;,&quot;title&quot;:&quot;&quot;,&quot;orientation&quot;:&quot;1&quot;}\" data-image-title=\"IMG_5236\" data-image-description=\"\" data-image-caption=\"\" data-medium-file=\"https:\/\/iesnavarrovilloslada.educacion.navarra.es\/web\/wp-content\/uploads\/2025\/03\/IMG_5236-300x225.jpeg\" data-large-file=\"https:\/\/iesnavarrovilloslada.educacion.navarra.es\/web\/wp-content\/uploads\/2025\/03\/IMG_5236-1024x768.jpeg\" data-attachment-id=\"7364\" data-permalink=\"https:\/\/iesnavarrovilloslada.educacion.navarra.es\/web\/blog\/2025\/03\/26\/visita-matematica-eduardo-saenz-de-cabezon\/img_5236\/\" data-orig-file=\"https:\/\/iesnavarrovilloslada.educacion.navarra.es\/web\/wp-content\/uploads\/2025\/03\/IMG_5236-scaled.jpeg\" data-orig-size=\"2560,1920\" data-comments-opened=\"0\" data-image-meta=\"{&quot;aperture&quot;:&quot;0&quot;,&quot;credit&quot;:&quot;&quot;,&quot;camera&quot;:&quot;&quot;,&quot;caption&quot;:&quot;&quot;,&quot;created_timestamp&quot;:&quot;0&quot;,&quot;copyright&quot;:&quot;&quot;,&quot;focal_length&quot;:&quot;0&quot;,&quot;iso&quot;:&quot;0&quot;,&quot;shutter_speed&quot;:&quot;0&quot;,&quot;title&quot;:&quot;&quot;,&quot;orientation&quot;:&quot;1&quot;}\" data-image-title=\"IMG_5236\" data-image-description=\"\" data-image-caption=\"\" data-medium-file=\"https:\/\/iesnavarrovilloslada.educacion.navarra.es\/web\/wp-content\/uploads\/2025\/03\/IMG_5236-300x225.jpeg\" data-large-file=\"https:\/\/iesnavarrovilloslada.educacion.navarra.es\/web\/wp-content\/uploads\/2025\/03\/IMG_5236-1024x768.jpeg\" role=\"button\" tabindex=\"0\" aria-label=\"Abrir la imagen 2 de 3 en pantalla completa\"srcset=\"https:\/\/i0.wp.com\/iesnavarrovilloslada.educacion.navarra.es\/web\/wp-content\/uploads\/2025\/03\/IMG_5236-1024x768.jpeg?strip=info&#038;w=600&#038;ssl=1 600w,https:\/\/i0.wp.com\/iesnavarrovilloslada.educacion.navarra.es\/web\/wp-content\/uploads\/2025\/03\/IMG_5236-1024x768.jpeg?strip=info&#038;w=900&#038;ssl=1 900w,https:\/\/i0.wp.com\/iesnavarrovilloslada.educacion.navarra.es\/web\/wp-content\/uploads\/2025\/03\/IMG_5236-1024x768.jpeg?strip=info&#038;w=1200&#038;ssl=1 1200w,https:\/\/i0.wp.com\/iesnavarrovilloslada.educacion.navarra.es\/web\/wp-content\/uploads\/2025\/03\/IMG_5236-1024x768.jpeg?strip=info&#038;w=1500&#038;ssl=1 1500w,https:\/\/i0.wp.com\/iesnavarrovilloslada.educacion.navarra.es\/web\/wp-content\/uploads\/2025\/03\/IMG_5236-1024x768.jpeg?strip=info&#038;w=1800&#038;ssl=1 1800w,https:\/\/i0.wp.com\/iesnavarrovilloslada.educacion.navarra.es\/web\/wp-content\/uploads\/2025\/03\/IMG_5236-1024x768.jpeg?strip=info&#038;w=2000&#038;ssl=1 2000w\" alt=\"\" data-height=\"1920\" data-id=\"7364\" data-link=\"https:\/\/iesnavarrovilloslada.educacion.navarra.es\/web\/?attachment_id=7364\" data-url=\"https:\/\/iesnavarrovilloslada.educacion.navarra.es\/web\/wp-content\/uploads\/2025\/03\/IMG_5236-1024x768.jpeg\" data-width=\"2560\" src=\"https:\/\/i0.wp.com\/iesnavarrovilloslada.educacion.navarra.es\/web\/wp-content\/uploads\/2025\/03\/IMG_5236-1024x768.jpeg?ssl=1\" data-amp-layout=\"responsive\" tabindex=\"0\" role=\"button\" aria-label=\"Abrir la imagen 2 de 3 en pantalla completa\"\/><\/figure><figure class=\"tiled-gallery__item\"><img decoding=\"async\" data-attachment-id=\"7367\" data-permalink=\"https:\/\/iesnavarrovilloslada.educacion.navarra.es\/web\/blog\/2025\/03\/26\/visita-matematica-eduardo-saenz-de-cabezon\/unnamed\/\" data-orig-file=\"https:\/\/iesnavarrovilloslada.educacion.navarra.es\/web\/wp-content\/uploads\/2025\/03\/unnamed.png\" data-orig-size=\"1920,1080\" data-comments-opened=\"0\" data-image-meta=\"{&quot;aperture&quot;:&quot;0&quot;,&quot;credit&quot;:&quot;&quot;,&quot;camera&quot;:&quot;&quot;,&quot;caption&quot;:&quot;&quot;,&quot;created_timestamp&quot;:&quot;0&quot;,&quot;copyright&quot;:&quot;&quot;,&quot;focal_length&quot;:&quot;0&quot;,&quot;iso&quot;:&quot;0&quot;,&quot;shutter_speed&quot;:&quot;0&quot;,&quot;title&quot;:&quot;&quot;,&quot;orientation&quot;:&quot;0&quot;}\" data-image-title=\"unnamed\" data-image-description=\"\" data-image-caption=\"\" data-medium-file=\"https:\/\/iesnavarrovilloslada.educacion.navarra.es\/web\/wp-content\/uploads\/2025\/03\/unnamed-300x169.png\" data-large-file=\"https:\/\/iesnavarrovilloslada.educacion.navarra.es\/web\/wp-content\/uploads\/2025\/03\/unnamed-1024x576.png\" data-attachment-id=\"7367\" data-permalink=\"https:\/\/iesnavarrovilloslada.educacion.navarra.es\/web\/blog\/2025\/03\/26\/visita-matematica-eduardo-saenz-de-cabezon\/unnamed\/\" data-orig-file=\"https:\/\/iesnavarrovilloslada.educacion.navarra.es\/web\/wp-content\/uploads\/2025\/03\/unnamed.png\" data-orig-size=\"1920,1080\" data-comments-opened=\"0\" data-image-meta=\"{&quot;aperture&quot;:&quot;0&quot;,&quot;credit&quot;:&quot;&quot;,&quot;camera&quot;:&quot;&quot;,&quot;caption&quot;:&quot;&quot;,&quot;created_timestamp&quot;:&quot;0&quot;,&quot;copyright&quot;:&quot;&quot;,&quot;focal_length&quot;:&quot;0&quot;,&quot;iso&quot;:&quot;0&quot;,&quot;shutter_speed&quot;:&quot;0&quot;,&quot;title&quot;:&quot;&quot;,&quot;orientation&quot;:&quot;0&quot;}\" data-image-title=\"unnamed\" data-image-description=\"\" data-image-caption=\"\" data-medium-file=\"https:\/\/iesnavarrovilloslada.educacion.navarra.es\/web\/wp-content\/uploads\/2025\/03\/unnamed-300x169.png\" data-large-file=\"https:\/\/iesnavarrovilloslada.educacion.navarra.es\/web\/wp-content\/uploads\/2025\/03\/unnamed-1024x576.png\" role=\"button\" tabindex=\"0\" aria-label=\"Abrir la imagen 3 de 3 en pantalla completa\"srcset=\"https:\/\/i0.wp.com\/iesnavarrovilloslada.educacion.navarra.es\/web\/wp-content\/uploads\/2025\/03\/unnamed-1024x576.png?strip=info&#038;w=600&#038;ssl=1 600w,https:\/\/i0.wp.com\/iesnavarrovilloslada.educacion.navarra.es\/web\/wp-content\/uploads\/2025\/03\/unnamed-1024x576.png?strip=info&#038;w=900&#038;ssl=1 900w,https:\/\/i0.wp.com\/iesnavarrovilloslada.educacion.navarra.es\/web\/wp-content\/uploads\/2025\/03\/unnamed-1024x576.png?strip=info&#038;w=1200&#038;ssl=1 1200w,https:\/\/i0.wp.com\/iesnavarrovilloslada.educacion.navarra.es\/web\/wp-content\/uploads\/2025\/03\/unnamed-1024x576.png?strip=info&#038;w=1500&#038;ssl=1 1500w,https:\/\/i0.wp.com\/iesnavarrovilloslada.educacion.navarra.es\/web\/wp-content\/uploads\/2025\/03\/unnamed-1024x576.png?strip=info&#038;w=1800&#038;ssl=1 1800w,https:\/\/i0.wp.com\/iesnavarrovilloslada.educacion.navarra.es\/web\/wp-content\/uploads\/2025\/03\/unnamed-1024x576.png?strip=info&#038;w=1920&#038;ssl=1 1920w\" alt=\"\" data-height=\"1080\" data-id=\"7367\" data-link=\"https:\/\/iesnavarrovilloslada.educacion.navarra.es\/web\/?attachment_id=7367\" data-url=\"https:\/\/iesnavarrovilloslada.educacion.navarra.es\/web\/wp-content\/uploads\/2025\/03\/unnamed-1024x576.png\" data-width=\"1920\" src=\"https:\/\/i0.wp.com\/iesnavarrovilloslada.educacion.navarra.es\/web\/wp-content\/uploads\/2025\/03\/unnamed-1024x576.png?ssl=1\" data-amp-layout=\"responsive\" tabindex=\"0\" role=\"button\" aria-label=\"Abrir la imagen 3 de 3 en pantalla completa\"\/><\/figure><\/div><\/div><\/div><\/div><\/div>\n","protected":false},"excerpt":{"rendered":"<p>Enmudecidos por los Grafos, as\u00ed quedaron los alumnos y alumnas de 1\u00ba y 2\u00ba de BTO el pasado viernes 21 de marzo en el sal\u00f3n de actos. \u00bfEl mago? Eduardo S\u00e1enz de Cabez\u00f3n, matem\u00e1tico, profesor de la Universidad de La Rioja, divulgador y presentador del programa de RTVE \u00d3rbita Laika. En una actividad organizada por [&hellip;]<\/p>\n","protected":false},"author":21,"featured_media":7368,"comment_status":"closed","ping_status":"open","sticky":false,"template":"","format":"standard","meta":{"_genesis_hide_title":false,"_genesis_hide_breadcrumbs":false,"_genesis_hide_singular_image":false,"_genesis_hide_footer_widgets":false,"_genesis_custom_body_class":"","_genesis_custom_post_class":"","_genesis_layout":"","jetpack_post_was_ever_published":false,"_jetpack_newsletter_access":"","_jetpack_dont_email_post_to_subs":false,"_jetpack_newsletter_tier_id":0,"_jetpack_memberships_contains_paywalled_content":false,"_jetpack_memberships_contains_paid_content":false,"footnotes":"","jetpack_publicize_message":"","jetpack_publicize_feature_enabled":true,"jetpack_social_post_already_shared":true,"jetpack_social_options":{"image_generator_settings":{"template":"highway","default_image_id":0,"font":"","enabled":false},"version":2},"_links_to":"","_links_to_target":""},"categories":[1],"tags":[290,307,160,284],"class_list":{"0":"post-7362","1":"post","2":"type-post","3":"status-publish","4":"format-standard","5":"has-post-thumbnail","7":"category-noticias","8":"tag-1o-bto","9":"tag-24-25","10":"tag-2o-bto","11":"tag-departamento-de-matematicas","12":"entry"},"jetpack_publicize_connections":[],"jetpack_featured_media_url":"https:\/\/iesnavarrovilloslada.educacion.navarra.es\/web\/wp-content\/uploads\/2025\/03\/IMG_52232-1.jpg","jetpack_sharing_enabled":true,"jetpack_shortlink":"https:\/\/wp.me\/p8b6ez-1UK","jetpack_likes_enabled":true,"_links":{"self":[{"href":"https:\/\/iesnavarrovilloslada.educacion.navarra.es\/web\/wp-json\/wp\/v2\/posts\/7362","targetHints":{"allow":["GET"]}}],"collection":[{"href":"https:\/\/iesnavarrovilloslada.educacion.navarra.es\/web\/wp-json\/wp\/v2\/posts"}],"about":[{"href":"https:\/\/iesnavarrovilloslada.educacion.navarra.es\/web\/wp-json\/wp\/v2\/types\/post"}],"author":[{"embeddable":true,"href":"https:\/\/iesnavarrovilloslada.educacion.navarra.es\/web\/wp-json\/wp\/v2\/users\/21"}],"replies":[{"embeddable":true,"href":"https:\/\/iesnavarrovilloslada.educacion.navarra.es\/web\/wp-json\/wp\/v2\/comments?post=7362"}],"version-history":[{"count":1,"href":"https:\/\/iesnavarrovilloslada.educacion.navarra.es\/web\/wp-json\/wp\/v2\/posts\/7362\/revisions"}],"predecessor-version":[{"id":7369,"href":"https:\/\/iesnavarrovilloslada.educacion.navarra.es\/web\/wp-json\/wp\/v2\/posts\/7362\/revisions\/7369"}],"wp:featuredmedia":[{"embeddable":true,"href":"https:\/\/iesnavarrovilloslada.educacion.navarra.es\/web\/wp-json\/wp\/v2\/media\/7368"}],"wp:attachment":[{"href":"https:\/\/iesnavarrovilloslada.educacion.navarra.es\/web\/wp-json\/wp\/v2\/media?parent=7362"}],"wp:term":[{"taxonomy":"category","embeddable":true,"href":"https:\/\/iesnavarrovilloslada.educacion.navarra.es\/web\/wp-json\/wp\/v2\/categories?post=7362"},{"taxonomy":"post_tag","embeddable":true,"href":"https:\/\/iesnavarrovilloslada.educacion.navarra.es\/web\/wp-json\/wp\/v2\/tags?post=7362"}],"curies":[{"name":"wp","href":"https:\/\/api.w.org\/{rel}","templated":true}]}}