{"id":6366,"date":"2024-04-30T06:37:51","date_gmt":"2024-04-30T04:37:51","guid":{"rendered":"https:\/\/iesnavarrovilloslada.educacion.navarra.es\/web\/?p=6366"},"modified":"2024-04-30T06:37:53","modified_gmt":"2024-04-30T04:37:53","slug":"a-biarritz","status":"publish","type":"post","link":"https:\/\/iesnavarrovilloslada.educacion.navarra.es\/web\/blog\/2024\/04\/30\/a-biarritz\/","title":{"rendered":"\u00c0 Biarritz"},"content":{"rendered":"\n<p>Los 41 alumnos y alumnas de 1\u00ba ESO de la asignatura de Franc\u00e9s visitaron el pasado viernes la ciudad francesa de Biarritz. Al llegar pasearon a lo largo de la playa hasta el faro de la ciudad. Y luego, tras el almuerzo, visitaron el Aquarium (interesante edificio <em>art d<\/em>\u00e9co) con sus tortugas, focas, estrellas de mar, medusas, morenas, tiburones, peces de mil colores&#8230; y su centro de cuidados para grandes peces o cet\u00e1ceos a la deriva. A partir de esta visita el alumnado trabajar\u00e1 en las pr\u00f3ximas semanas una situaci\u00f3n de aprendizaje en franc\u00e9s sobre el cuidado de nuestros mares y oc\u00e9anos, y su importante papel para hacer frente a la crisis clim\u00e1tica. <\/p>\n\n\n\n<p><\/p>\n","protected":false},"excerpt":{"rendered":"<p>Los 41 alumnos y alumnas de 1\u00ba ESO de la asignatura de Franc\u00e9s visitaron el pasado viernes la ciudad francesa de Biarritz. Al llegar pasearon a lo largo de la playa hasta el faro de la ciudad. Y luego, tras el almuerzo, visitaron el Aquarium (interesante edificio art d\u00e9co) con sus tortugas, focas, estrellas de [&hellip;]<\/p>\n","protected":false},"author":21,"featured_media":6367,"comment_status":"closed","ping_status":"open","sticky":false,"template":"","format":"standard","meta":{"_genesis_hide_title":false,"_genesis_hide_breadcrumbs":false,"_genesis_hide_singular_image":false,"_genesis_hide_footer_widgets":false,"_genesis_custom_body_class":"","_genesis_custom_post_class":"","_genesis_layout":"","jetpack_post_was_ever_published":false,"_jetpack_newsletter_access":"","_jetpack_dont_email_post_to_subs":false,"_jetpack_newsletter_tier_id":0,"_jetpack_memberships_contains_paywalled_content":false,"_jetpack_memberships_contains_paid_content":false,"footnotes":"","jetpack_publicize_message":"","jetpack_publicize_feature_enabled":true,"jetpack_social_post_already_shared":true,"jetpack_social_options":{"image_generator_settings":{"template":"highway","default_image_id":0,"font":"","enabled":false},"version":2},"_links_to":"","_links_to_target":""},"categories":[1],"tags":[28,236,259],"class_list":{"0":"post-6366","1":"post","2":"type-post","3":"status-publish","4":"format-standard","5":"has-post-thumbnail","7":"category-noticias","8":"tag-1o-eso","9":"tag-23-24","10":"tag-departamento-de-frances","11":"entry"},"jetpack_publicize_connections":[],"jetpack_featured_media_url":"https:\/\/iesnavarrovilloslada.educacion.navarra.es\/web\/wp-content\/uploads\/2024\/04\/IMG_2363-11.jpg","jetpack_sharing_enabled":true,"jetpack_shortlink":"https:\/\/wp.me\/p8b6ez-1EG","jetpack_likes_enabled":true,"_links":{"self":[{"href":"https:\/\/iesnavarrovilloslada.educacion.navarra.es\/web\/wp-json\/wp\/v2\/posts\/6366","targetHints":{"allow":["GET"]}}],"collection":[{"href":"https:\/\/iesnavarrovilloslada.educacion.navarra.es\/web\/wp-json\/wp\/v2\/posts"}],"about":[{"href":"https:\/\/iesnavarrovilloslada.educacion.navarra.es\/web\/wp-json\/wp\/v2\/types\/post"}],"author":[{"embeddable":true,"href":"https:\/\/iesnavarrovilloslada.educacion.navarra.es\/web\/wp-json\/wp\/v2\/users\/21"}],"replies":[{"embeddable":true,"href":"https:\/\/iesnavarrovilloslada.educacion.navarra.es\/web\/wp-json\/wp\/v2\/comments?post=6366"}],"version-history":[{"count":3,"href":"https:\/\/iesnavarrovilloslada.educacion.navarra.es\/web\/wp-json\/wp\/v2\/posts\/6366\/revisions"}],"predecessor-version":[{"id":6370,"href":"https:\/\/iesnavarrovilloslada.educacion.navarra.es\/web\/wp-json\/wp\/v2\/posts\/6366\/revisions\/6370"}],"wp:featuredmedia":[{"embeddable":true,"href":"https:\/\/iesnavarrovilloslada.educacion.navarra.es\/web\/wp-json\/wp\/v2\/media\/6367"}],"wp:attachment":[{"href":"https:\/\/iesnavarrovilloslada.educacion.navarra.es\/web\/wp-json\/wp\/v2\/media?parent=6366"}],"wp:term":[{"taxonomy":"category","embeddable":true,"href":"https:\/\/iesnavarrovilloslada.educacion.navarra.es\/web\/wp-json\/wp\/v2\/categories?post=6366"},{"taxonomy":"post_tag","embeddable":true,"href":"https:\/\/iesnavarrovilloslada.educacion.navarra.es\/web\/wp-json\/wp\/v2\/tags?post=6366"}],"curies":[{"name":"wp","href":"https:\/\/api.w.org\/{rel}","templated":true}]}}