{"id":2688,"date":"2021-03-31T11:17:31","date_gmt":"2021-03-31T09:17:31","guid":{"rendered":"https:\/\/iesnavarrovilloslada.educacion.navarra.es\/web\/?p=2688"},"modified":"2021-03-31T11:17:33","modified_gmt":"2021-03-31T09:17:33","slug":"arranca-mision-1-5","status":"publish","type":"post","link":"https:\/\/iesnavarrovilloslada.educacion.navarra.es\/web\/blog\/2021\/03\/31\/arranca-mision-1-5\/","title":{"rendered":"Arranca Misi\u00f3n 1.5"},"content":{"rendered":"\n<p>El pasado jueves 18, y tras un par de reuniones previas, el grupo de j\u00f3venes activistas \u201cMisi\u00f3n 1.5\u201d particip\u00f3 en un taller de formaci\u00f3n de la mano de Rafa Alday, profesor de la Universidad P\u00fablica de Navarra.&nbsp;<\/p>\n\n\n\n<p>Misi\u00f3n 1.5 es un proyecto del instituto en el que se busca la participaci\u00f3n e iniciativa de los alumnos y alumnas de todos los cursos en actividades dirigidas al cuidado y preservaci\u00f3n del medio ambiente.<\/p>\n\n\n\n<p>En dicha reuni\u00f3n, se barajaron iniciativas medioambientales como la creaci\u00f3n de un huerto escolar, plantaci\u00f3n de \u00e1rboles, gesti\u00f3n de iluminaci\u00f3n en las aulas e \u00a1incluso implementar comida vegana en la cafeter\u00eda!<\/p>\n\n\n\n<p>Es una oportunidad fant\u00e1stica para el instituto de profundizar en el mundo de la sostenibilidad.<\/p>\n\n\n\n<figure class=\"wp-block-image size-large\"><img fetchpriority=\"high\" decoding=\"async\" width=\"453\" height=\"345\" data-attachment-id=\"2689\" data-permalink=\"https:\/\/iesnavarrovilloslada.educacion.navarra.es\/web\/blog\/2021\/03\/31\/arranca-mision-1-5\/captura-de-pantalla-2021-03-30-a-las-9-58-43\/\" data-orig-file=\"https:\/\/iesnavarrovilloslada.educacion.navarra.es\/web\/wp-content\/uploads\/2021\/03\/Captura-de-pantalla-2021-03-30-a-las-9.58.43.png\" data-orig-size=\"453,345\" data-comments-opened=\"1\" data-image-meta=\"{&quot;aperture&quot;:&quot;0&quot;,&quot;credit&quot;:&quot;&quot;,&quot;camera&quot;:&quot;&quot;,&quot;caption&quot;:&quot;&quot;,&quot;created_timestamp&quot;:&quot;0&quot;,&quot;copyright&quot;:&quot;&quot;,&quot;focal_length&quot;:&quot;0&quot;,&quot;iso&quot;:&quot;0&quot;,&quot;shutter_speed&quot;:&quot;0&quot;,&quot;title&quot;:&quot;&quot;,&quot;orientation&quot;:&quot;0&quot;}\" data-image-title=\"Captura-de-pantalla-2021-03-30-a-las-9.58.43\" data-image-description=\"\" data-image-caption=\"\" data-medium-file=\"https:\/\/iesnavarrovilloslada.educacion.navarra.es\/web\/wp-content\/uploads\/2021\/03\/Captura-de-pantalla-2021-03-30-a-las-9.58.43-300x228.png\" data-large-file=\"https:\/\/iesnavarrovilloslada.educacion.navarra.es\/web\/wp-content\/uploads\/2021\/03\/Captura-de-pantalla-2021-03-30-a-las-9.58.43.png\" src=\"https:\/\/iesnavarrovilloslada.educacion.navarra.es\/web\/wp-content\/uploads\/2021\/03\/Captura-de-pantalla-2021-03-30-a-las-9.58.43.png\" alt=\"\" class=\"wp-image-2689\" srcset=\"https:\/\/iesnavarrovilloslada.educacion.navarra.es\/web\/wp-content\/uploads\/2021\/03\/Captura-de-pantalla-2021-03-30-a-las-9.58.43.png 453w, https:\/\/iesnavarrovilloslada.educacion.navarra.es\/web\/wp-content\/uploads\/2021\/03\/Captura-de-pantalla-2021-03-30-a-las-9.58.43-300x228.png 300w\" sizes=\"(max-width: 453px) 100vw, 453px\" \/><\/figure>\n\n\n\n<p>\u00a1Arrancamos!<\/p>\n","protected":false},"excerpt":{"rendered":"<p>El pasado jueves 18, y tras un par de reuniones previas, el grupo de j\u00f3venes activistas \u201cMisi\u00f3n 1.5\u201d particip\u00f3 en un taller de formaci\u00f3n de la mano de Rafa Alday, profesor de la Universidad P\u00fablica de Navarra.&nbsp; Misi\u00f3n 1.5 es un proyecto del instituto en el que se busca la participaci\u00f3n e iniciativa de los [&hellip;]<\/p>\n","protected":false},"author":1,"featured_media":2689,"comment_status":"closed","ping_status":"closed","sticky":false,"template":"","format":"standard","meta":{"_genesis_hide_title":false,"_genesis_hide_breadcrumbs":false,"_genesis_hide_singular_image":false,"_genesis_hide_footer_widgets":false,"_genesis_custom_body_class":"","_genesis_custom_post_class":"","_genesis_layout":"","jetpack_post_was_ever_published":false,"_jetpack_newsletter_access":"","_jetpack_dont_email_post_to_subs":false,"_jetpack_newsletter_tier_id":0,"_jetpack_memberships_contains_paywalled_content":false,"_jetpack_memberships_contains_paid_content":false,"footnotes":"","jetpack_publicize_message":"","jetpack_publicize_feature_enabled":true,"jetpack_social_post_already_shared":true,"jetpack_social_options":{"image_generator_settings":{"template":"highway","default_image_id":0,"font":"","enabled":false},"version":2},"_links_to":"","_links_to_target":""},"categories":[1],"tags":[19,162,74,190,100],"class_list":{"0":"post-2688","1":"post","2":"type-post","3":"status-publish","4":"format-standard","5":"has-post-thumbnail","7":"category-noticias","8":"tag-bachillerato-internacional","9":"tag-20-21","10":"tag-accion-social","11":"tag-cas","12":"tag-proyectos","13":"entry"},"jetpack_publicize_connections":[],"jetpack_featured_media_url":"https:\/\/iesnavarrovilloslada.educacion.navarra.es\/web\/wp-content\/uploads\/2021\/03\/Captura-de-pantalla-2021-03-30-a-las-9.58.43.png","jetpack_sharing_enabled":true,"jetpack_shortlink":"https:\/\/wp.me\/p8b6ez-Hm","jetpack_likes_enabled":true,"_links":{"self":[{"href":"https:\/\/iesnavarrovilloslada.educacion.navarra.es\/web\/wp-json\/wp\/v2\/posts\/2688","targetHints":{"allow":["GET"]}}],"collection":[{"href":"https:\/\/iesnavarrovilloslada.educacion.navarra.es\/web\/wp-json\/wp\/v2\/posts"}],"about":[{"href":"https:\/\/iesnavarrovilloslada.educacion.navarra.es\/web\/wp-json\/wp\/v2\/types\/post"}],"author":[{"embeddable":true,"href":"https:\/\/iesnavarrovilloslada.educacion.navarra.es\/web\/wp-json\/wp\/v2\/users\/1"}],"replies":[{"embeddable":true,"href":"https:\/\/iesnavarrovilloslada.educacion.navarra.es\/web\/wp-json\/wp\/v2\/comments?post=2688"}],"version-history":[{"count":1,"href":"https:\/\/iesnavarrovilloslada.educacion.navarra.es\/web\/wp-json\/wp\/v2\/posts\/2688\/revisions"}],"predecessor-version":[{"id":2690,"href":"https:\/\/iesnavarrovilloslada.educacion.navarra.es\/web\/wp-json\/wp\/v2\/posts\/2688\/revisions\/2690"}],"wp:featuredmedia":[{"embeddable":true,"href":"https:\/\/iesnavarrovilloslada.educacion.navarra.es\/web\/wp-json\/wp\/v2\/media\/2689"}],"wp:attachment":[{"href":"https:\/\/iesnavarrovilloslada.educacion.navarra.es\/web\/wp-json\/wp\/v2\/media?parent=2688"}],"wp:term":[{"taxonomy":"category","embeddable":true,"href":"https:\/\/iesnavarrovilloslada.educacion.navarra.es\/web\/wp-json\/wp\/v2\/categories?post=2688"},{"taxonomy":"post_tag","embeddable":true,"href":"https:\/\/iesnavarrovilloslada.educacion.navarra.es\/web\/wp-json\/wp\/v2\/tags?post=2688"}],"curies":[{"name":"wp","href":"https:\/\/api.w.org\/{rel}","templated":true}]}}