{"id":2330,"date":"2020-09-02T09:29:16","date_gmt":"2020-09-02T07:29:16","guid":{"rendered":"https:\/\/iesnavarrovilloslada.educacion.navarra.es\/web\/?p=2330"},"modified":"2020-09-09T14:31:29","modified_gmt":"2020-09-09T12:31:29","slug":"documentacion-covid-19","status":"publish","type":"post","link":"https:\/\/iesnavarrovilloslada.educacion.navarra.es\/web\/blog\/2020\/09\/02\/documentacion-covid-19\/","title":{"rendered":"Documentaci\u00f3n Covid-19"},"content":{"rendered":"\n<div class=\"wp-block-image\"><figure class=\"alignleft size-large\"><img decoding=\"async\" width=\"131\" height=\"123\" data-attachment-id=\"2331\" data-permalink=\"https:\/\/iesnavarrovilloslada.educacion.navarra.es\/web\/blog\/2020\/09\/02\/documentacion-covid-19\/captura-de-pantalla-2020-09-01-a-las-14-06-28\/\" data-orig-file=\"https:\/\/iesnavarrovilloslada.educacion.navarra.es\/web\/wp-content\/uploads\/2020\/09\/Captura-de-pantalla-2020-09-01-a-las-14.06.28.png\" data-orig-size=\"131,123\" data-comments-opened=\"1\" data-image-meta=\"{&quot;aperture&quot;:&quot;0&quot;,&quot;credit&quot;:&quot;&quot;,&quot;camera&quot;:&quot;&quot;,&quot;caption&quot;:&quot;&quot;,&quot;created_timestamp&quot;:&quot;0&quot;,&quot;copyright&quot;:&quot;&quot;,&quot;focal_length&quot;:&quot;0&quot;,&quot;iso&quot;:&quot;0&quot;,&quot;shutter_speed&quot;:&quot;0&quot;,&quot;title&quot;:&quot;&quot;,&quot;orientation&quot;:&quot;0&quot;}\" data-image-title=\"CovidOms\" data-image-description=\"\" data-image-caption=\"\" data-medium-file=\"https:\/\/iesnavarrovilloslada.educacion.navarra.es\/web\/wp-content\/uploads\/2020\/09\/Captura-de-pantalla-2020-09-01-a-las-14.06.28.png\" data-large-file=\"https:\/\/iesnavarrovilloslada.educacion.navarra.es\/web\/wp-content\/uploads\/2020\/09\/Captura-de-pantalla-2020-09-01-a-las-14.06.28.png\" src=\"https:\/\/iesnavarrovilloslada.educacion.navarra.es\/web\/wp-content\/uploads\/2020\/09\/Captura-de-pantalla-2020-09-01-a-las-14.06.28.png\" alt=\"covid_oms\" class=\"wp-image-2331\"\/><\/figure><\/div>\n\n\n\n<p>Os enlazamos en las siguientes carpetas la informaci\u00f3n actualizada sobre c\u00f3mo se va a organizar la actividad docente este curso, condicionada por la situaci\u00f3n sanitaria. Esta tarde explicaremos en la videoconferencia el contenido de las mismas. La organizaci\u00f3n del centro puede cambiar&nbsp; seg\u00fan evolucione la situaci\u00f3n:<\/p>\n\n\n\n<ul class=\"wp-block-list\"><li><strong>NV_Normas COVID-19: <\/strong>Normas propias del Instituto sobre entradas, salidas, aulas, pasillos, aseos&#8230;<\/li><li><strong>NV_Planos Recorridos COVID-19:<\/strong> Planos del Instituto con las dependencias y los recorridos de entradas, salidas y recreos.<\/li><li><strong>Documentaci\u00f3n Departamento de Educaci\u00f3n COVID-19:<\/strong> Se encuentran los documentos enviados por el Gobierno de Navarra a los centros educativos.<\/li><\/ul>\n\n\n\n<h2 class=\"wp-block-heading\">Pincha en el siguiente <a rel=\"noreferrer noopener\" href=\"https:\/\/drive.google.com\/drive\/folders\/1ZgikKIGCF2AJ8h2GWN4Pe_oSONWsIpOy\" target=\"_blank\">enlace a las carpetas.<\/a><\/h2>\n","protected":false},"excerpt":{"rendered":"<p>Os enlazamos en las siguientes carpetas la informaci\u00f3n actualizada sobre c\u00f3mo se va a organizar la actividad docente este curso, condicionada por la situaci\u00f3n sanitaria. Esta tarde explicaremos en la videoconferencia el contenido de las mismas. La organizaci\u00f3n del centro puede cambiar&nbsp; seg\u00fan evolucione la situaci\u00f3n: NV_Normas COVID-19: Normas propias del Instituto sobre entradas, salidas, [&hellip;]<\/p>\n","protected":false},"author":1,"featured_media":2331,"comment_status":"closed","ping_status":"closed","sticky":false,"template":"","format":"standard","meta":{"_genesis_hide_title":false,"_genesis_hide_breadcrumbs":false,"_genesis_hide_singular_image":false,"_genesis_hide_footer_widgets":false,"_genesis_custom_body_class":"","_genesis_custom_post_class":"","_genesis_layout":"","jetpack_post_was_ever_published":false,"_jetpack_newsletter_access":"","_jetpack_dont_email_post_to_subs":false,"_jetpack_newsletter_tier_id":0,"_jetpack_memberships_contains_paywalled_content":false,"_jetpack_memberships_contains_paid_content":false,"footnotes":"","jetpack_publicize_message":"","jetpack_publicize_feature_enabled":true,"jetpack_social_post_already_shared":true,"jetpack_social_options":{"image_generator_settings":{"template":"highway","default_image_id":0,"font":"","enabled":false},"version":2},"_links_to":"","_links_to_target":""},"categories":[1],"tags":[19,162,20,165,167],"class_list":{"0":"post-2330","1":"post","2":"type-post","3":"status-publish","4":"format-standard","5":"has-post-thumbnail","7":"category-noticias","8":"tag-bachillerato-internacional","9":"tag-20-21","10":"tag-bachillerato","11":"tag-covid-19","12":"tag-eso","13":"entry"},"jetpack_publicize_connections":[],"jetpack_featured_media_url":"https:\/\/iesnavarrovilloslada.educacion.navarra.es\/web\/wp-content\/uploads\/2020\/09\/Captura-de-pantalla-2020-09-01-a-las-14.06.28.png","jetpack_sharing_enabled":true,"jetpack_shortlink":"https:\/\/wp.me\/p8b6ez-BA","jetpack_likes_enabled":true,"_links":{"self":[{"href":"https:\/\/iesnavarrovilloslada.educacion.navarra.es\/web\/wp-json\/wp\/v2\/posts\/2330","targetHints":{"allow":["GET"]}}],"collection":[{"href":"https:\/\/iesnavarrovilloslada.educacion.navarra.es\/web\/wp-json\/wp\/v2\/posts"}],"about":[{"href":"https:\/\/iesnavarrovilloslada.educacion.navarra.es\/web\/wp-json\/wp\/v2\/types\/post"}],"author":[{"embeddable":true,"href":"https:\/\/iesnavarrovilloslada.educacion.navarra.es\/web\/wp-json\/wp\/v2\/users\/1"}],"replies":[{"embeddable":true,"href":"https:\/\/iesnavarrovilloslada.educacion.navarra.es\/web\/wp-json\/wp\/v2\/comments?post=2330"}],"version-history":[{"count":6,"href":"https:\/\/iesnavarrovilloslada.educacion.navarra.es\/web\/wp-json\/wp\/v2\/posts\/2330\/revisions"}],"predecessor-version":[{"id":2355,"href":"https:\/\/iesnavarrovilloslada.educacion.navarra.es\/web\/wp-json\/wp\/v2\/posts\/2330\/revisions\/2355"}],"wp:featuredmedia":[{"embeddable":true,"href":"https:\/\/iesnavarrovilloslada.educacion.navarra.es\/web\/wp-json\/wp\/v2\/media\/2331"}],"wp:attachment":[{"href":"https:\/\/iesnavarrovilloslada.educacion.navarra.es\/web\/wp-json\/wp\/v2\/media?parent=2330"}],"wp:term":[{"taxonomy":"category","embeddable":true,"href":"https:\/\/iesnavarrovilloslada.educacion.navarra.es\/web\/wp-json\/wp\/v2\/categories?post=2330"},{"taxonomy":"post_tag","embeddable":true,"href":"https:\/\/iesnavarrovilloslada.educacion.navarra.es\/web\/wp-json\/wp\/v2\/tags?post=2330"}],"curies":[{"name":"wp","href":"https:\/\/api.w.org\/{rel}","templated":true}]}}