{"id":1934,"date":"2019-11-18T09:07:13","date_gmt":"2019-11-18T08:07:13","guid":{"rendered":"http:\/\/iesnavarrovilloslada.educacion.navarra.es\/web\/?p=1934"},"modified":"2019-11-18T09:07:20","modified_gmt":"2019-11-18T08:07:20","slug":"concurso-de-carteles-para-conmemorar-la-caida-del-muro-de-berlin","status":"publish","type":"post","link":"https:\/\/iesnavarrovilloslada.educacion.navarra.es\/web\/blog\/2019\/11\/18\/concurso-de-carteles-para-conmemorar-la-caida-del-muro-de-berlin\/","title":{"rendered":"Concurso de carteles para conmemorar la ca\u00edda del muro de Berl\u00edn"},"content":{"rendered":"\n<p>Con motivo del 30\u00ba aniversario de la ca\u00edda del muro de Berl\u00edn, el grupo de alem\u00e1n de 2\u00ba de la ESO particip\u00f3 en un concurso de carteles. De entre todas las creativas propuestas, estas cuatro fueron las elegidas. Durante los pr\u00f3ximos d\u00edas los carteles ganadores estar\u00e1n expuestos en el pasillo de direcci\u00f3n para deleite de todos.<\/p>\n\n\n\n<p><br>\u00a1Enhorabuena a los artistas!<\/p>\n\n\n\n<figure class=\"wp-block-image size-large\"><img fetchpriority=\"high\" decoding=\"async\" width=\"1024\" height=\"578\" data-attachment-id=\"1935\" data-permalink=\"https:\/\/iesnavarrovilloslada.educacion.navarra.es\/web\/blog\/2019\/11\/18\/concurso-de-carteles-para-conmemorar-la-caida-del-muro-de-berlin\/cartelesmuroberlin-tele_hall-ppt\/\" data-orig-file=\"https:\/\/iesnavarrovilloslada.educacion.navarra.es\/web\/wp-content\/uploads\/2019\/11\/CartelesMuroBerli\u0301n-Tele_hall.ppt.jpg\" data-orig-size=\"1348,761\" data-comments-opened=\"1\" data-image-meta=\"{&quot;aperture&quot;:&quot;0&quot;,&quot;credit&quot;:&quot;&quot;,&quot;camera&quot;:&quot;&quot;,&quot;caption&quot;:&quot;&quot;,&quot;created_timestamp&quot;:&quot;0&quot;,&quot;copyright&quot;:&quot;&quot;,&quot;focal_length&quot;:&quot;0&quot;,&quot;iso&quot;:&quot;0&quot;,&quot;shutter_speed&quot;:&quot;0&quot;,&quot;title&quot;:&quot;&quot;,&quot;orientation&quot;:&quot;0&quot;}\" data-image-title=\"CartelesMuroBerli\u0301n-Tele_hall.ppt\" data-image-description=\"\" data-image-caption=\"\" data-medium-file=\"https:\/\/iesnavarrovilloslada.educacion.navarra.es\/web\/wp-content\/uploads\/2019\/11\/CartelesMuroBerli\u0301n-Tele_hall.ppt-300x169.jpg\" data-large-file=\"https:\/\/iesnavarrovilloslada.educacion.navarra.es\/web\/wp-content\/uploads\/2019\/11\/CartelesMuroBerli\u0301n-Tele_hall.ppt-1024x578.jpg\" src=\"http:\/\/iesnavarrovilloslada.educacion.navarra.es\/web\/wp-content\/uploads\/2019\/11\/CartelesMuroBerli\u0301n-Tele_hall.ppt-1024x578.jpg\" alt=\"\" class=\"wp-image-1935\" srcset=\"https:\/\/iesnavarrovilloslada.educacion.navarra.es\/web\/wp-content\/uploads\/2019\/11\/CartelesMuroBerli\u0301n-Tele_hall.ppt-1024x578.jpg 1024w, https:\/\/iesnavarrovilloslada.educacion.navarra.es\/web\/wp-content\/uploads\/2019\/11\/CartelesMuroBerli\u0301n-Tele_hall.ppt-300x169.jpg 300w, https:\/\/iesnavarrovilloslada.educacion.navarra.es\/web\/wp-content\/uploads\/2019\/11\/CartelesMuroBerli\u0301n-Tele_hall.ppt-768x434.jpg 768w, https:\/\/iesnavarrovilloslada.educacion.navarra.es\/web\/wp-content\/uploads\/2019\/11\/CartelesMuroBerli\u0301n-Tele_hall.ppt.jpg 1348w\" sizes=\"(max-width: 1024px) 100vw, 1024px\" \/><\/figure>\n","protected":false},"excerpt":{"rendered":"<p>Con motivo del 30\u00ba aniversario de la ca\u00edda del muro de Berl\u00edn, el grupo de alem\u00e1n de 2\u00ba de la ESO particip\u00f3 en un concurso de carteles. De entre todas las creativas propuestas, estas cuatro fueron las elegidas. Durante los pr\u00f3ximos d\u00edas los carteles ganadores estar\u00e1n expuestos en el pasillo de direcci\u00f3n para deleite de [&hellip;]<\/p>\n","protected":false},"author":1,"featured_media":1935,"comment_status":"closed","ping_status":"closed","sticky":false,"template":"","format":"standard","meta":{"_genesis_hide_title":false,"_genesis_hide_breadcrumbs":false,"_genesis_hide_singular_image":false,"_genesis_hide_footer_widgets":false,"_genesis_custom_body_class":"","_genesis_custom_post_class":"","_genesis_layout":"","jetpack_post_was_ever_published":false,"_jetpack_newsletter_access":"","_jetpack_dont_email_post_to_subs":false,"_jetpack_newsletter_tier_id":0,"_jetpack_memberships_contains_paywalled_content":false,"_jetpack_memberships_contains_paid_content":false,"footnotes":"","jetpack_publicize_message":"","jetpack_publicize_feature_enabled":true,"jetpack_social_post_already_shared":true,"jetpack_social_options":{"image_generator_settings":{"template":"highway","default_image_id":0,"font":"","enabled":false},"version":2},"_links_to":"","_links_to_target":""},"categories":[1],"tags":[114,43,155],"class_list":{"0":"post-1934","1":"post","2":"type-post","3":"status-publish","4":"format-standard","5":"has-post-thumbnail","7":"category-noticias","8":"tag-19-20","9":"tag-2o-eso","10":"tag-aleman","11":"entry"},"jetpack_publicize_connections":[],"jetpack_featured_media_url":"https:\/\/iesnavarrovilloslada.educacion.navarra.es\/web\/wp-content\/uploads\/2019\/11\/CartelesMuroBerli\u0301n-Tele_hall.ppt.jpg","jetpack_sharing_enabled":true,"jetpack_shortlink":"https:\/\/wp.me\/p8b6ez-vc","jetpack_likes_enabled":true,"_links":{"self":[{"href":"https:\/\/iesnavarrovilloslada.educacion.navarra.es\/web\/wp-json\/wp\/v2\/posts\/1934","targetHints":{"allow":["GET"]}}],"collection":[{"href":"https:\/\/iesnavarrovilloslada.educacion.navarra.es\/web\/wp-json\/wp\/v2\/posts"}],"about":[{"href":"https:\/\/iesnavarrovilloslada.educacion.navarra.es\/web\/wp-json\/wp\/v2\/types\/post"}],"author":[{"embeddable":true,"href":"https:\/\/iesnavarrovilloslada.educacion.navarra.es\/web\/wp-json\/wp\/v2\/users\/1"}],"replies":[{"embeddable":true,"href":"https:\/\/iesnavarrovilloslada.educacion.navarra.es\/web\/wp-json\/wp\/v2\/comments?post=1934"}],"version-history":[{"count":1,"href":"https:\/\/iesnavarrovilloslada.educacion.navarra.es\/web\/wp-json\/wp\/v2\/posts\/1934\/revisions"}],"predecessor-version":[{"id":1936,"href":"https:\/\/iesnavarrovilloslada.educacion.navarra.es\/web\/wp-json\/wp\/v2\/posts\/1934\/revisions\/1936"}],"wp:featuredmedia":[{"embeddable":true,"href":"https:\/\/iesnavarrovilloslada.educacion.navarra.es\/web\/wp-json\/wp\/v2\/media\/1935"}],"wp:attachment":[{"href":"https:\/\/iesnavarrovilloslada.educacion.navarra.es\/web\/wp-json\/wp\/v2\/media?parent=1934"}],"wp:term":[{"taxonomy":"category","embeddable":true,"href":"https:\/\/iesnavarrovilloslada.educacion.navarra.es\/web\/wp-json\/wp\/v2\/categories?post=1934"},{"taxonomy":"post_tag","embeddable":true,"href":"https:\/\/iesnavarrovilloslada.educacion.navarra.es\/web\/wp-json\/wp\/v2\/tags?post=1934"}],"curies":[{"name":"wp","href":"https:\/\/api.w.org\/{rel}","templated":true}]}}