{"id":30,"date":"2017-03-28T08:38:41","date_gmt":"2017-03-28T08:38:41","guid":{"rendered":"http:\/\/iesnavarrovilloslada.educacion.navarra.es\/web\/biblioteca\/?p=30"},"modified":"2017-04-10T08:31:35","modified_gmt":"2017-04-10T08:31:35","slug":"resena-en-web-biblioteca","status":"publish","type":"post","link":"https:\/\/iesnavarrovilloslada.educacion.navarra.es\/web\/biblioteca\/2017\/03\/28\/resena-en-web-biblioteca\/","title":{"rendered":"Rese\u00f1as en la web de la biblioteca"},"content":{"rendered":"<p>La nueva web de la biblioteca ofrece tambi\u00e9n un nuevo espacio para rese\u00f1as. Aunque ahora hemos publicado\u00a0rese\u00f1as profesionales, o videorese\u00f1as publicadas por personas del sector editorial, queremos que este espacio pertenezca a los lectores de nuestro centro. Pr\u00f3ximamente\u00a0os iremos contando m\u00e1s sobre c\u00f3mo lo organizaremos.<\/p>\n","protected":false},"excerpt":{"rendered":"<p>La nueva web de la biblioteca ofrece tambi\u00e9n un nuevo espacio para rese\u00f1as. Aunque ahora hemos publicado\u00a0rese\u00f1as profesionales, o videorese\u00f1as publicadas por personas del sector editorial, queremos que este espacio pertenezca a los lectores de nuestro centro. Pr\u00f3ximamente\u00a0os iremos contando m\u00e1s sobre c\u00f3mo lo organizaremos.<\/p>\n","protected":false},"author":1,"featured_media":0,"comment_status":"open","ping_status":"open","sticky":false,"template":"","format":"standard","meta":{"_genesis_hide_title":false,"_genesis_hide_breadcrumbs":false,"_genesis_hide_singular_image":false,"_genesis_hide_footer_widgets":false,"_genesis_custom_body_class":"","_genesis_custom_post_class":"","_genesis_layout":"","footnotes":"","_links_to":"","_links_to_target":""},"categories":[4],"tags":[],"class_list":{"0":"post-30","1":"post","2":"type-post","3":"status-publish","4":"format-standard","6":"category-resenas","7":"entry"},"jetpack_featured_media_url":"","_links":{"self":[{"href":"https:\/\/iesnavarrovilloslada.educacion.navarra.es\/web\/biblioteca\/wp-json\/wp\/v2\/posts\/30","targetHints":{"allow":["GET"]}}],"collection":[{"href":"https:\/\/iesnavarrovilloslada.educacion.navarra.es\/web\/biblioteca\/wp-json\/wp\/v2\/posts"}],"about":[{"href":"https:\/\/iesnavarrovilloslada.educacion.navarra.es\/web\/biblioteca\/wp-json\/wp\/v2\/types\/post"}],"author":[{"embeddable":true,"href":"https:\/\/iesnavarrovilloslada.educacion.navarra.es\/web\/biblioteca\/wp-json\/wp\/v2\/users\/1"}],"replies":[{"embeddable":true,"href":"https:\/\/iesnavarrovilloslada.educacion.navarra.es\/web\/biblioteca\/wp-json\/wp\/v2\/comments?post=30"}],"version-history":[{"count":4,"href":"https:\/\/iesnavarrovilloslada.educacion.navarra.es\/web\/biblioteca\/wp-json\/wp\/v2\/posts\/30\/revisions"}],"predecessor-version":[{"id":101,"href":"https:\/\/iesnavarrovilloslada.educacion.navarra.es\/web\/biblioteca\/wp-json\/wp\/v2\/posts\/30\/revisions\/101"}],"wp:attachment":[{"href":"https:\/\/iesnavarrovilloslada.educacion.navarra.es\/web\/biblioteca\/wp-json\/wp\/v2\/media?parent=30"}],"wp:term":[{"taxonomy":"category","embeddable":true,"href":"https:\/\/iesnavarrovilloslada.educacion.navarra.es\/web\/biblioteca\/wp-json\/wp\/v2\/categories?post=30"},{"taxonomy":"post_tag","embeddable":true,"href":"https:\/\/iesnavarrovilloslada.educacion.navarra.es\/web\/biblioteca\/wp-json\/wp\/v2\/tags?post=30"}],"curies":[{"name":"wp","href":"https:\/\/api.w.org\/{rel}","templated":true}]}}