{"id":241,"date":"2018-02-22T08:52:47","date_gmt":"2018-02-22T08:52:47","guid":{"rendered":"http:\/\/iesnavarrovilloslada.educacion.navarra.es\/web\/biblioteca\/?p=241"},"modified":"2018-02-22T08:52:47","modified_gmt":"2018-02-22T08:52:47","slug":"exposicion-de-navidad-17-18","status":"publish","type":"post","link":"https:\/\/iesnavarrovilloslada.educacion.navarra.es\/web\/biblioteca\/2018\/02\/22\/exposicion-de-navidad-17-18\/","title":{"rendered":"Exposici\u00f3n de Navidad 17-18"},"content":{"rendered":"<p>Durante los d\u00edas 19 y 20 de diciembre, se organiz\u00f3 una exposici\u00f3n de libros en la entrada del instituto. Esta exposici\u00f3n fue visitada por turnos por todas las clases del centro, que fueron atendidas por el grupo de alumnos de apoyo a la biblioteca.<\/p>\n<p><a href=\"http:\/\/iesnavarrovilloslada.educacion.navarra.es\/web\/biblioteca\/wp-content\/uploads\/sites\/2\/2018\/02\/expoNav2.jpg\"><img fetchpriority=\"high\" decoding=\"async\" class=\"alignleft size-full wp-image-242\" src=\"http:\/\/iesnavarrovilloslada.educacion.navarra.es\/web\/biblioteca\/wp-content\/uploads\/sites\/2\/2018\/02\/expoNav2.jpg\" alt=\"\" width=\"1600\" height=\"898\" srcset=\"https:\/\/iesnavarrovilloslada.educacion.navarra.es\/web\/biblioteca\/wp-content\/uploads\/sites\/2\/2018\/02\/expoNav2.jpg 1600w, https:\/\/iesnavarrovilloslada.educacion.navarra.es\/web\/biblioteca\/wp-content\/uploads\/sites\/2\/2018\/02\/expoNav2-300x168.jpg 300w, https:\/\/iesnavarrovilloslada.educacion.navarra.es\/web\/biblioteca\/wp-content\/uploads\/sites\/2\/2018\/02\/expoNav2-768x431.jpg 768w, https:\/\/iesnavarrovilloslada.educacion.navarra.es\/web\/biblioteca\/wp-content\/uploads\/sites\/2\/2018\/02\/expoNav2-1024x575.jpg 1024w\" sizes=\"(max-width: 1600px) 100vw, 1600px\" \/><\/a> <a href=\"http:\/\/iesnavarrovilloslada.educacion.navarra.es\/web\/biblioteca\/wp-content\/uploads\/sites\/2\/2018\/02\/expoNav1.jpg\"><img decoding=\"async\" class=\"alignleft size-full wp-image-243\" src=\"http:\/\/iesnavarrovilloslada.educacion.navarra.es\/web\/biblioteca\/wp-content\/uploads\/sites\/2\/2018\/02\/expoNav1.jpg\" alt=\"\" width=\"1600\" height=\"898\" srcset=\"https:\/\/iesnavarrovilloslada.educacion.navarra.es\/web\/biblioteca\/wp-content\/uploads\/sites\/2\/2018\/02\/expoNav1.jpg 1600w, https:\/\/iesnavarrovilloslada.educacion.navarra.es\/web\/biblioteca\/wp-content\/uploads\/sites\/2\/2018\/02\/expoNav1-300x168.jpg 300w, https:\/\/iesnavarrovilloslada.educacion.navarra.es\/web\/biblioteca\/wp-content\/uploads\/sites\/2\/2018\/02\/expoNav1-768x431.jpg 768w, https:\/\/iesnavarrovilloslada.educacion.navarra.es\/web\/biblioteca\/wp-content\/uploads\/sites\/2\/2018\/02\/expoNav1-1024x575.jpg 1024w\" sizes=\"(max-width: 1600px) 100vw, 1600px\" \/><\/a><\/p>\n","protected":false},"excerpt":{"rendered":"<p>Durante los d\u00edas 19 y 20 de diciembre, se organiz\u00f3 una exposici\u00f3n de libros en la entrada del instituto. Esta exposici\u00f3n fue visitada por turnos por todas las clases del centro, que fueron atendidas por el grupo de alumnos de apoyo a la biblioteca.<\/p>\n","protected":false},"author":1,"featured_media":243,"comment_status":"open","ping_status":"open","sticky":false,"template":"","format":"standard","meta":{"_genesis_hide_title":false,"_genesis_hide_breadcrumbs":false,"_genesis_hide_singular_image":false,"_genesis_hide_footer_widgets":false,"_genesis_custom_body_class":"","_genesis_custom_post_class":"","_genesis_layout":"","footnotes":"","_links_to":"","_links_to_target":""},"categories":[6],"tags":[16,15],"class_list":{"0":"post-241","1":"post","2":"type-post","3":"status-publish","4":"format-standard","5":"has-post-thumbnail","7":"category-campanas","8":"tag-biblioteca","9":"tag-exposicion-navidad","10":"entry"},"jetpack_featured_media_url":"https:\/\/iesnavarrovilloslada.educacion.navarra.es\/web\/biblioteca\/wp-content\/uploads\/sites\/2\/2018\/02\/expoNav1.jpg","_links":{"self":[{"href":"https:\/\/iesnavarrovilloslada.educacion.navarra.es\/web\/biblioteca\/wp-json\/wp\/v2\/posts\/241","targetHints":{"allow":["GET"]}}],"collection":[{"href":"https:\/\/iesnavarrovilloslada.educacion.navarra.es\/web\/biblioteca\/wp-json\/wp\/v2\/posts"}],"about":[{"href":"https:\/\/iesnavarrovilloslada.educacion.navarra.es\/web\/biblioteca\/wp-json\/wp\/v2\/types\/post"}],"author":[{"embeddable":true,"href":"https:\/\/iesnavarrovilloslada.educacion.navarra.es\/web\/biblioteca\/wp-json\/wp\/v2\/users\/1"}],"replies":[{"embeddable":true,"href":"https:\/\/iesnavarrovilloslada.educacion.navarra.es\/web\/biblioteca\/wp-json\/wp\/v2\/comments?post=241"}],"version-history":[{"count":1,"href":"https:\/\/iesnavarrovilloslada.educacion.navarra.es\/web\/biblioteca\/wp-json\/wp\/v2\/posts\/241\/revisions"}],"predecessor-version":[{"id":244,"href":"https:\/\/iesnavarrovilloslada.educacion.navarra.es\/web\/biblioteca\/wp-json\/wp\/v2\/posts\/241\/revisions\/244"}],"wp:featuredmedia":[{"embeddable":true,"href":"https:\/\/iesnavarrovilloslada.educacion.navarra.es\/web\/biblioteca\/wp-json\/wp\/v2\/media\/243"}],"wp:attachment":[{"href":"https:\/\/iesnavarrovilloslada.educacion.navarra.es\/web\/biblioteca\/wp-json\/wp\/v2\/media?parent=241"}],"wp:term":[{"taxonomy":"category","embeddable":true,"href":"https:\/\/iesnavarrovilloslada.educacion.navarra.es\/web\/biblioteca\/wp-json\/wp\/v2\/categories?post=241"},{"taxonomy":"post_tag","embeddable":true,"href":"https:\/\/iesnavarrovilloslada.educacion.navarra.es\/web\/biblioteca\/wp-json\/wp\/v2\/tags?post=241"}],"curies":[{"name":"wp","href":"https:\/\/api.w.org\/{rel}","templated":true}]}}