{"id":145,"date":"2017-09-25T11:06:30","date_gmt":"2017-09-25T11:06:30","guid":{"rendered":"http:\/\/iesnavarrovilloslada.educacion.navarra.es\/web\/biblioteca\/?p=145"},"modified":"2017-11-14T12:08:41","modified_gmt":"2017-11-14T12:08:41","slug":"certamen-literario-17-18","status":"publish","type":"post","link":"https:\/\/iesnavarrovilloslada.educacion.navarra.es\/web\/biblioteca\/2017\/09\/25\/certamen-literario-17-18\/","title":{"rendered":"Certamen literario 17-18"},"content":{"rendered":"<h1><u>BASES<\/u><\/h1>\n<h2>1.- Categor\u00edas<\/h2>\n<p><strong>1\u00aa categor\u00eda<\/strong>: 1\u00ba y 2\u00ba ESO<\/p>\n<p><strong>2\u00aa categor\u00eda<\/strong>: 3\u00ba y 4\u00ba ESO<\/p>\n<p><strong>3\u00ba categor\u00eda<\/strong>: 1\u00ba y 2\u00ba bachillerato (diurno y nocturno)<\/p>\n<p>&nbsp;<\/p>\n<h2>2.- Modalidades<\/h2>\n<p>Los concursantes pueden presentar UN RELATO O UN POEMA. El tema ser\u00e1 libre, aunque las obras deber\u00e1n basarse en al menos una fotograf\u00eda de las publicadas en esta p\u00e1gina web\u00a0y expuestas en el tabl\u00f3n de anuncios de la planta baja del instituto y en las aulas.<\/p>\n<p>Accede aqu\u00ed a las fotos para preparar tu relato o poema:\u00a0<a href=\"https:\/\/goo.gl\/GggBze\" target=\"_blank\" rel=\"noopener\">https:\/\/goo.gl\/GggBze<\/a><\/p>\n<h2>3.- Premios<\/h2>\n<ul>\n<li>Primer premio de 40 euros por cada categor\u00eda y una entrada para el festival de Navidad.<\/li>\n<li>Segundo premio de 20 euros por cada categor\u00eda y una entrada para el festival de Navidad.<\/li>\n<li>Tercer premio: una entrada para el festival de Navidad.<\/li>\n<\/ul>\n<p>El jurado podr\u00e1 conceder, adem\u00e1s, terceros premios, as\u00ed como acc\u00e9sits, atendiendo al inter\u00e9s y calidad de los trabajos presentados.<\/p>\n<h2><strong>4.- Presentaci\u00f3n de los originales<\/strong><\/h2>\n<p>Los trabajos se entregar\u00e1n en el Departamento de Lengua Castellana y Literatura. Los originales se presentar\u00e1n <strong><u>mecanografiados<\/u><\/strong> con <strong><u>letra Calibri o Times New Roman, tama\u00f1o 12 e interlineado de 1,5<\/u><\/strong>. La extensi\u00f3n m\u00e1xima ser\u00e1 de tres folios por una cara. <strong>SER\u00c1N DESCALIFICADOS TODOS AQUELLOS RELATOS QUE INCUMPLAN ESTE REQUISITO<\/strong>.<\/p>\n<p>Los trabajos se presentar\u00e1n de la siguiente manera:<\/p>\n<ul>\n<li>UN SOBRE GRANDE CERRADO, rotulado en el exterior con estos datos: t\u00edtulo del relato o poema, curso y un seud\u00f3nimo.<\/li>\n<\/ul>\n<ul>\n<li>Dentro del sobre grande se incluir\u00e1:\n<ul>\n<li>EL RELATO O POEMA: sin firma. Debe llevar t\u00edtulo, el seud\u00f3nimo y curso.<\/li>\n<li>UN SOBRE PEQUE\u00d1O rotulado en el exterior del mismo modo que el sobre grande (t\u00edtulo, curso y seud\u00f3nimo) y que contenga en el interior los datos personales (T\u00edtulo, Nombre y apellidos y curso).<\/li>\n<\/ul>\n<\/li>\n<\/ul>\n<h2><strong>5.- Plazo de admisi\u00f3n<\/strong><\/h2>\n<p>Los trabajos se entregar\u00e1n antes del d\u00eda 1 de diciembre.<\/p>\n<p>&nbsp;<\/p>\n<h2><strong>6.- Fallo del jurado<\/strong><\/h2>\n<p>El jurado est\u00e1 compuesto por el profesorado del Departamento de Lengua y Literatura. Su decisi\u00f3n ser\u00e1 inapelable. La entrega de premios ser\u00e1 a la hora del recreo en la biblioteca el d\u00eda 19 de diciembre. La participaci\u00f3n en el concurso implica la aceptaci\u00f3n de las bases. <strong>Los premios podr\u00e1n quedar desiertos si as\u00ed lo considera el jurado<\/strong><\/p>\n","protected":false},"excerpt":{"rendered":"<p>BASES 1.- Categor\u00edas 1\u00aa categor\u00eda: 1\u00ba y 2\u00ba ESO 2\u00aa categor\u00eda: 3\u00ba y 4\u00ba ESO 3\u00ba categor\u00eda: 1\u00ba y 2\u00ba bachillerato (diurno y nocturno) &nbsp; 2.- Modalidades Los concursantes pueden presentar UN RELATO O UN POEMA. El tema ser\u00e1 libre, aunque las obras deber\u00e1n basarse en al menos una fotograf\u00eda de las publicadas en esta [&hellip;]<\/p>\n","protected":false},"author":1,"featured_media":0,"comment_status":"open","ping_status":"open","sticky":false,"template":"","format":"standard","meta":{"_genesis_hide_title":false,"_genesis_hide_breadcrumbs":false,"_genesis_hide_singular_image":false,"_genesis_hide_footer_widgets":false,"_genesis_custom_body_class":"","_genesis_custom_post_class":"","_genesis_layout":"","footnotes":"","_links_to":"","_links_to_target":""},"categories":[5],"tags":[],"class_list":{"0":"post-145","1":"post","2":"type-post","3":"status-publish","4":"format-standard","6":"category-certamen-literario","7":"entry"},"jetpack_featured_media_url":"","_links":{"self":[{"href":"https:\/\/iesnavarrovilloslada.educacion.navarra.es\/web\/biblioteca\/wp-json\/wp\/v2\/posts\/145","targetHints":{"allow":["GET"]}}],"collection":[{"href":"https:\/\/iesnavarrovilloslada.educacion.navarra.es\/web\/biblioteca\/wp-json\/wp\/v2\/posts"}],"about":[{"href":"https:\/\/iesnavarrovilloslada.educacion.navarra.es\/web\/biblioteca\/wp-json\/wp\/v2\/types\/post"}],"author":[{"embeddable":true,"href":"https:\/\/iesnavarrovilloslada.educacion.navarra.es\/web\/biblioteca\/wp-json\/wp\/v2\/users\/1"}],"replies":[{"embeddable":true,"href":"https:\/\/iesnavarrovilloslada.educacion.navarra.es\/web\/biblioteca\/wp-json\/wp\/v2\/comments?post=145"}],"version-history":[{"count":4,"href":"https:\/\/iesnavarrovilloslada.educacion.navarra.es\/web\/biblioteca\/wp-json\/wp\/v2\/posts\/145\/revisions"}],"predecessor-version":[{"id":202,"href":"https:\/\/iesnavarrovilloslada.educacion.navarra.es\/web\/biblioteca\/wp-json\/wp\/v2\/posts\/145\/revisions\/202"}],"wp:attachment":[{"href":"https:\/\/iesnavarrovilloslada.educacion.navarra.es\/web\/biblioteca\/wp-json\/wp\/v2\/media?parent=145"}],"wp:term":[{"taxonomy":"category","embeddable":true,"href":"https:\/\/iesnavarrovilloslada.educacion.navarra.es\/web\/biblioteca\/wp-json\/wp\/v2\/categories?post=145"},{"taxonomy":"post_tag","embeddable":true,"href":"https:\/\/iesnavarrovilloslada.educacion.navarra.es\/web\/biblioteca\/wp-json\/wp\/v2\/tags?post=145"}],"curies":[{"name":"wp","href":"https:\/\/api.w.org\/{rel}","templated":true}]}}